{"id":330,"date":"2025-04-08T15:23:49","date_gmt":"2025-04-08T15:23:49","guid":{"rendered":"https:\/\/forditottkiralysag.hu\/bibliaprojekt\/blog\/?p=330"},"modified":"2026-02-06T09:33:44","modified_gmt":"2026-02-06T09:33:44","slug":"urvacsora","status":"publish","type":"post","link":"https:\/\/forditottkiralysag.hu\/bibliaprojekt\/blog\/2025\/04\/08\/urvacsora\/","title":{"rendered":"Mi\u00e9rt olyan fontos az \u00farvacsora a Bibli\u00e1ban?"},"content":{"rendered":"\n<h1 class=\"wp-block-heading has-black-color has-text-color has-link-color wp-elements-559648ee4ab263a3c25c9e5c9c87a726\">Az \u00e9tkez\u00e9s mint bibliai mot\u00edvum<\/h1>\n\n\n\n<ul class=\"wp-block-list\">\n<li>Eredeti cikk:\u00a0<a href=\"https:\/\/bibleproject.com\/articles\/lords-supper-in-the-bible\/\" target=\"_blank\" rel=\"noreferrer noopener nofollow\">Why Is the Lord\u2019s Supper Significant in the Bible?<\/a><\/li>\n\n\n\n<li>Szerz\u0151: <img decoding=\"async\" src=\"https:\/\/ik.imagekit.io\/bpweb1\/web\/media\/pages\/blog\/bp-logo.svg?tr=q-65\" alt=\"BibleProject Logo\"> Shara Drimalla \u00e9s a BibleProject csapata<\/li>\n\n\n\n<li>Ford\u00edtotta: P\u00e1ll L\u00e1szl\u00f3<\/li>\n\n\n\n<li>Lektor\u00e1lta: Sz\u00e9kely P\u00e1l Domokos<\/li>\n<\/ul>\n\n\n\n<p>J\u00e9zus k\u00f6vet\u0151i \u00e9vsz\u00e1zadok \u00f3ta \u00f6sszegy\u0171lnek, hogy k\u00f6z\u00f6sen vegyenek r\u00e9szt egy \u00farvacsorak\u00e9nt emlegetett alkalmon. Vannak, akik latinosan kommuni\u00f3nak nevezik. De ak\u00e1r eucharisztiak\u00e9nt is tal\u00e1lkozhatsz vele (a g\u00f6r\u00f6g <em>eucharisteo<\/em> ig\u00e9b\u0151l sz\u00e1rmazik), ami sz\u00f3 szerint h\u00e1laad\u00e1st jelent.<\/p>\n\n\n\n<p>De mi\u00e9rt kell ehhez egy \u00e9tkez\u00e9s? \u00c9s mi\u00e9rt \u00e9ppen ez? Mi az \u00e9rtelme ennek a gyakorlatnak?<\/p>\n\n\n\n<p>Az \u00farvacsora l\u00e9nyege szerint megh\u00edv\u00e1s az \u00e9letbe. \u00c9s ez egy olyan megsz\u00f3l\u00edt\u00e1s, amely m\u00e1r a Biblia legels\u0151 lapjain megjelenik.<\/p>\n\n\n\n<h2 class=\"wp-block-heading\">Az els\u0151 \u00e9tkez\u00e9s<\/h2>\n\n\n\n<p>M\u00e1r k\u00f6zvetlen\u00fcl a vil\u00e1g megteremt\u00e9se ut\u00e1n Isten mindenkit egy \u00e9tkez\u00e9sre invit\u00e1l.<\/p>\n\n\n\n<p>Kijel\u00f6li az els\u0151 emberp\u00e1rt k\u00e9pvisel\u0151jek\u00e9nt \u00e9s megh\u00edvja \u0151ket, hogy saj\u00e1t teremt\u0151 hatalmukat \u00e9s k\u00e9pzel\u0151erej\u00fcket felhaszn\u00e1lva terjessz\u00e9k az \u00e9denkerti templom rendj\u00e9t \u00e9s sz\u00e9ps\u00e9g\u00e9t a teremt\u00e9s t\u00f6bbi r\u00e9sz\u00e9ben (<a href=\"http:\/\/www.bible.com\/bible\/920\/GEN.1.26-28\" target=\"_blank\" rel=\"noreferrer noopener nofollow\">1M\u00f3zes 1,26\u201328<\/a>). A kert, amelybe az emberis\u00e9get helyezi, tele van gy\u00fcm\u00f6lcs\u00f6kkel \u00e9s megm\u0171velend\u0151 f\u00e1kkal. Mindennek a k\u00f6zep\u00e9n \u00e1ll az \u00e9let f\u00e1ja (<a href=\"http:\/\/www.bible.com\/bible\/920\/GEN.2.9\" target=\"_blank\" rel=\"noreferrer noopener nofollow\">1M\u00f3zes 2,9<\/a>). Ez a Teremt\u0151 v\u00e9gs\u0151 aj\u00e1nd\u00e9k\u00e1t jelk\u00e9pezi alkot\u00e1sai sz\u00e1m\u00e1ra, ami nem m\u00e1s, mint az Isten saj\u00e1t j\u00f3s\u00e1g\u00e1ban \u00e9s \u00e9let\u00e9ben val\u00f3 r\u00e9szesed\u00e9s, illetve mindezek befogad\u00e1s\u00e1nak lehet\u0151s\u00e9ge.<\/p>\n\n\n\n<figure class=\"wp-block-image size-large is-resized is-style-rounded\"><img loading=\"lazy\" decoding=\"async\" width=\"1024\" height=\"575\" src=\"https:\/\/forditottkiralysag.hu\/bibliaprojekt\/blog\/wp-content\/uploads\/2025\/04\/Elet-faja-1024x575.jpg\" alt=\"\" class=\"wp-image-339\" style=\"width:750px\" srcset=\"https:\/\/forditottkiralysag.hu\/bibliaprojekt\/blog\/wp-content\/uploads\/2025\/04\/Elet-faja-1024x575.jpg 1024w, https:\/\/forditottkiralysag.hu\/bibliaprojekt\/blog\/wp-content\/uploads\/2025\/04\/Elet-faja-300x169.jpg 300w, https:\/\/forditottkiralysag.hu\/bibliaprojekt\/blog\/wp-content\/uploads\/2025\/04\/Elet-faja-768x432.jpg 768w, https:\/\/forditottkiralysag.hu\/bibliaprojekt\/blog\/wp-content\/uploads\/2025\/04\/Elet-faja-1536x863.jpg 1536w, https:\/\/forditottkiralysag.hu\/bibliaprojekt\/blog\/wp-content\/uploads\/2025\/04\/Elet-faja.jpg 1913w\" sizes=\"auto, (max-width: 1024px) 100vw, 1024px\" \/><\/figure>\n\n\n\n<p>A fa k\u00f6zels\u00e9ge teh\u00e1t az \u00e9let szerz\u0151j\u00e9nek k\u00f6zels\u00e9g\u00e9t jelzi. Az is rendk\u00edv\u00fcl fontos, hogy az \u00e9let f\u00e1j\u00e1t kifejezetten az emberis\u00e9gnek sz\u00e1nt\u00e1k: az\u00e9rt, hogy fogyassza azt. Az \u00dar els\u0151 parancsa fel\u00e9j\u00fck val\u00f3j\u00e1ban \u00e9ppen az, hogy a t\u00f6bbi gy\u00fcm\u00f6lccsel egy\u00fctt err\u0151l is egyenek. Ez egy\u00fattal egy megh\u00edv\u00e1s Isten saj\u00e1t \u00e9let\u00e9nek befogad\u00e1s\u00e1ra (<a href=\"http:\/\/www.bible.com\/bible\/920\/GEN.2.16\" target=\"_blank\" rel=\"noreferrer noopener nofollow\">1M\u00f3zes 2,16<\/a>)! Hiszen ez az \u00e9tel \u00e1tform\u00e1lja azt, aki eszik bel\u0151le. Ez pedig, a t\u00f6rt\u00e9net szavaival, \u201e\u00f6r\u00f6k \u00e9lethez\u201d vezet (<a href=\"http:\/\/www.bible.com\/bible\/920\/GEN.3.22\" target=\"_blank\" rel=\"noreferrer noopener nofollow\">1M\u00f3zes 3,22<\/a>).<\/p>\n\n\n\n<p>Az emberis\u00e9g ez\u00e1ltal megh\u00edv\u00e1st kap arra, hogy b\u00edzzon, illetve r\u00e9szt vegyen abban az \u00e9letben \u00e9s b\u00f6lcsess\u00e9gben, amelyet Isten ingyen k\u00edn\u00e1l fel neki, ennek az \u00e9telnek az elfogad\u00e1s\u00e1n \u00e9s elfogyaszt\u00e1s\u00e1n kereszt\u00fcl. Az emberek azonban elvesz\u00edtik a hozz\u00e1f\u00e9r\u00e9s\u00fcket ehhez, amikor \u00fagy d\u00f6ntenek, hogy a j\u00f3s\u00e1got \u00e9s az \u00e9letet saj\u00e1t maguk hat\u00e1rozz\u00e1k meg \u00e9s emiatt sz\u00e1m\u0171zettnek ebb\u0151l a kertb\u0151l (<a href=\"http:\/\/www.bible.com\/bible\/920\/GEN.3.22-24\" target=\"_blank\" rel=\"noreferrer noopener nofollow\">1M\u00f3zes 3,22\u201324<\/a>). Hogyan juthatn\u00e1nak h\u00e1t vissza az Isten szerinti j\u00f3s\u00e1ghoz, amelyet az \u00e9let f\u00e1ja szimboliz\u00e1l?<\/p>\n\n\n\n<h2 class=\"wp-block-heading\">Izr\u00e1el \u00e9tkez\u00e9sei<\/h2>\n\n\n\n<p>Ahogyan a bibliai t\u00f6rt\u00e9net folytat\u00f3dik, Isten tov\u00e1bbra is arra h\u00edvja az emberis\u00e9get, hogy tapasztalja meg az \u0151 \u00e9let\u00e9t k\u00fcl\u00f6nf\u00e9le \u00e9tkez\u00e9seken kereszt\u00fcl.<\/p>\n\n\n\n<p>Miut\u00e1n kiszabad\u00edtja az izr\u00e1elit\u00e1kat Egyiptomb\u00f3l, megh\u00edvja \u0151ket, hogy \u201epapok kir\u00e1lys\u00e1ga\u201d legyenek, akik ezent\u00fal sz\u00f6vets\u00e9geseik\u00e9nt \u00e9lnek \u00e9s neki szolg\u00e1lnak (<a href=\"http:\/\/www.bible.com\/bible\/920\/EXO.19.6\" target=\"_blank\" rel=\"noreferrer noopener nofollow\">2M\u00f3zes 19,6<\/a>). Ez a partners\u00e9g egy folyamatos v\u00e1laszt\u00e1sra k\u00e9nyszer\u00edti \u0151ket. Ism\u00e9t \u00fagy d\u00f6ntenek, hogy \u0151k akarj\u00e1k meghat\u00e1rozni \u00f6nmaguk sz\u00e1m\u00e1ra, hogy mi a j\u00f3 \u00e9s mi az \u00e9let? Vagy ez\u00fattal elfogadj\u00e1k a nekik felk\u00edn\u00e1lt igazi \u00e9letet?<\/p>\n\n\n\n<p>Isten k\u00fcl\u00f6nf\u00e9le, lakom\u00e1kkal egybek\u00f6t\u00f6tt ism\u00e9tl\u0151d\u0151 \u00fcnnepeket rendel el, amelyet az \u00e9v sor\u00e1n kell megtartaniuk. Ez\u00e1ltal olyan szok\u00e1sokat \u00e9s gyakorlatokat teremt, amelyek rendszert adnak Izr\u00e1el \u00e9let\u00e9be (<a href=\"http:\/\/www.bible.com\/bible\/920\/LEV.23\" target=\"_blank\" rel=\"noreferrer noopener nofollow\">3M\u00f3zes 23<\/a>; <a href=\"http:\/\/www.bible.com\/bible\/920\/DEU.16\" target=\"_blank\" rel=\"noreferrer noopener nofollow\">5M\u00f3zes 16<\/a>). Ezt legal\u00e1bb k\u00e9tf\u00e9lek\u00e9ppen teszi:<\/p>\n\n\n\n<ul class=\"wp-block-list\">\n<li>El\u0151sz\u00f6r is ezek a meghat\u00e1roz\u00f3 \u00e9tkez\u00e9sek arra szolg\u00e1lnak, hogy mindannyian rendszeresen r\u00e9szt vegyenek a dics\u0151\u00edt\u00e9sben, a h\u00e1laad\u00e1sban, az eml\u00e9kez\u00e9sben \u00e9s a b\u0171nb\u00e1natban. Az \u00e9vekig tart\u00f3 gyakorl\u00e1s r\u00e9v\u00e9n az \u00fcnnepek seg\u00edtenek Izr\u00e1el n\u00e9p\u00e9t h\u00e1l\u00e1s, h\u00edv\u0151 \u00e9s bizakod\u00f3 k\u00f6z\u00f6ss\u00e9gg\u00e9 form\u00e1lni, amely osztozik Isten j\u00f3s\u00e1g\u00e1ban \u00e9s \u00e9let\u00e9ben.<\/li>\n\n\n\n<li>M\u00e1sodszor az \u00dar sz\u00e1nd\u00e9ka szerint ezek az \u00e9tkez\u00e9sek folyamatosan eml\u00e9keztetik n\u00e9p\u00e9t a vele k\u00f6t\u00f6tt sz\u00f6vets\u00e9gre. Ez azonban sokkal t\u00f6bb ann\u00e1l, minthogy csak sim\u00e1n az esz\u00fckbe juttatja. Az \u00fcnnepek ugyanis minden emberi \u00e9rz\u00e9kszervet ig\u00e9nybe vesznek \u2013 bele\u00e9rtve az \u00edzlel\u00e9st, hall\u00e1st, szagl\u00e1st, tapint\u00e1st \u00e9s l\u00e1t\u00e1st is. \u00cdgy az ember eg\u00e9sze bekapcsol\u00f3dhat az eml\u00e9kez\u00e9sbe, elm\u00e9ly\u00edtve az Isten \u00e1ltal adott sz\u00f6vets\u00e9gi \u00edg\u00e9retekhez val\u00f3 h\u0171s\u00e9g fontoss\u00e1g\u00e1t, hiszen egyed\u00fcl \u0151 k\u00e9pes megaj\u00e1nd\u00e9kozni b\u00e1rkit az igazi \u00e9lettel.<\/li>\n<\/ul>\n\n\n\n<p>Az izr\u00e1elit\u00e1k ennek ellen\u00e9re m\u00e9gis folyton h\u0171tlennek bizonyulnak ehhez a sz\u00f6vets\u00e9ghez. \u00c1lland\u00f3an hamis \u00e9letf\u00e1kat v\u00e1lasztanak, amelyek v\u00e9g\u00fcl \u00f6npuszt\u00edt\u00e1st, sz\u00e1m\u0171zet\u00e9st \u00e9s hal\u00e1lt hoznak a sz\u00e1mukra (<a href=\"http:\/\/www.bible.com\/bible\/920\/2KI.21.1-7\" target=\"_blank\" rel=\"noreferrer noopener nofollow\">2Kir\u00e1lyok 21,1\u20137<\/a>). Amikor Isten szembes\u00edti az izr\u00e1elit\u00e1kat hamis \u00e9letf\u00e1ikkal, gyakran a sz\u00f6vets\u00e9gi \u00e9tkez\u00e9sek nyelv\u00e9n sz\u00f3l hozz\u00e1juk (<a href=\"http:\/\/www.bible.com\/bible\/920\/ISA.1.4-6\" target=\"_blank\" rel=\"noreferrer noopener nofollow\">\u00c9zsai\u00e1s 1,4\u20136<\/a><a href=\"http:\/\/www.bible.com\/bible\/920\/ISA.1.11-14\" target=\"_blank\" rel=\"noreferrer noopener nofollow\">.11\u201314<\/a>).<\/p>\n\n\n\n<p>Ebben az id\u0151szakban a pr\u00f3f\u00e9t\u00e1k egy olyan napr\u00f3l j\u00f6vend\u00f6ltek, amelyen Izr\u00e1el kudarca ellen\u00e9re Isten helyre\u00e1ll\u00edtja ezt a megt\u00f6rt sz\u00f6vets\u00e9get (<a href=\"http:\/\/www.bible.com\/bible\/920\/JER.31.31\" target=\"_blank\" rel=\"noreferrer noopener nofollow\">Jeremi\u00e1s 31,31<\/a>). Ez az az \u00faj sz\u00f6vets\u00e9g, ami kapcs\u00e1n Isten meg\u00edg\u00e9rte, hogy elj\u00f6n majd a nap, amikor \u00f6sszegy\u0171jti mag\u00e1hoz a nemzeteket \u00e9s beteljes\u00edti sz\u00f6vets\u00e9gi \u00edg\u00e9reteit. Bizony\u00e1ra m\u00e1r sejted, mit fog tenni\u2026 \u2014 Megh\u00edvja \u0151ket egy lakom\u00e1ra (<a href=\"http:\/\/www.bible.com\/bible\/920\/ISA.25.6-9\" target=\"_blank\" rel=\"noreferrer noopener nofollow\">\u00c9zsai\u00e1s 25,6\u20139<\/a>), amit Isten jelenl\u00e9t\u00e9ben fogyasztanak el, \u00e9s \u00edgy ism\u00e9t az igazi \u00e9letb\u0151l falatozhatnak.<\/p>\n\n\n\n<h2 class=\"wp-block-heading\">J\u00e9zus \u00e9tkez\u00e9sei<\/h2>\n\n\n\n<p>Az \u00dajsz\u00f6vets\u00e9gben tov\u00e1bb folytat\u00f3dik ez a mot\u00edvum. J\u00e9zus k\u00f6z\u00f6s \u00e9tkez\u00e9sre h\u00edv meg sokakat. De ez nem az a fajta lakoma, mint amire az izr\u00e1elit\u00e1k b\u00e1rmikor is sz\u00e1m\u00edthattak.<\/p>\n\n\n\n<p>A p\u00e1ska (vagyis az Egyiptomb\u00f3l val\u00f3 kivonul\u00e1s t\u00f6rt\u00e9net\u00e9t elmes\u00e9l\u0151, b\u00e1r\u00e1ny, kov\u00e1sztalan keny\u00e9r \u00e9s bor elfogyaszt\u00e1s\u00e1val k\u00eds\u00e9rt szimbolikus \u00fcnnepi \u00e9tkez\u00e9s) idej\u00e9n J\u00e9zus csod\u00e1latos m\u00f3don vend\u00e9g\u00fcl l\u00e1t egy t\u00f6bbezer f\u0151s t\u00f6meget. Ezut\u00e1n az emberek csak m\u00e9g t\u00f6bb kenyeret k\u00e9rnek t\u0151le, amire J\u00e9zus v\u00e1lasza az, hogy \u0151 az \u201eigazi keny\u00e9r\u201d, \u00e9s ha \u201eesznek bel\u0151le\u201d, akkor megtapasztalj\u00e1k az \u00f6r\u00f6k \u00e9letet (<a href=\"http:\/\/www.bible.com\/bible\/920\/JHN.6.53-59\" target=\"_blank\" rel=\"noreferrer noopener nofollow\">J\u00e1nos 6,53\u201359<\/a>). A t\u00e1pl\u00e1lkoz\u00e1sra utal\u00f3 k\u00e9p tulajdonk\u00e9ppen egy megh\u00edv\u00e1s arra, hogy b\u00edzzanak benne \u00e9s form\u00e1l\u00f3djanak \u00e1t az \u0151 \u00e9lete \u00e1ltal (<a href=\"http:\/\/www.bible.com\/bible\/920\/JHN.6.51\" target=\"_blank\" rel=\"noreferrer noopener nofollow\">J\u00e1nos 6,51<\/a>).<\/p>\n\n\n\n<p>K\u00e9s\u0151bb J\u00e9zus olyan sz\u0151l\u0151t\u0151k\u00e9nt besz\u00e9l mag\u00e1r\u00f3l, amely Isten \u00e9let\u00e9t hozza el a vil\u00e1gba (<a href=\"http:\/\/www.bible.com\/bible\/920\/JHN.15.1-5\" target=\"_blank\" rel=\"noreferrer noopener nofollow\">J\u00e1nos 15,1\u20135<\/a>). Ugyanitt azt mondja, hogy azok az \u0151 tan\u00edtv\u00e1nyai, akik \u201emegmaradnak\u201d benne, mint a t\u0151k\u00e9hez kapcsol\u00f3d\u00f3 sz\u0151l\u0151vessz\u0151k. Ez a megmarad\u00e1s \u00e1thatja \u00e9s \u00e1tform\u00e1lja az ember \u00e9let\u00e9t \u2013 gy\u00f3gy\u00edt, \u00e1talak\u00edt \u00e9s meg\u00faj\u00edt. Hiszen J\u00e9zus az \u00e9let \u00faj f\u00e1jak\u00e9nt k\u00edn\u00e1lja fel mag\u00e1t.<\/p>\n\n\n\n<figure class=\"wp-block-image size-large is-resized is-style-rounded\"><img loading=\"lazy\" decoding=\"async\" width=\"1024\" height=\"576\" src=\"https:\/\/forditottkiralysag.hu\/bibliaprojekt\/blog\/wp-content\/uploads\/2025\/04\/Paska-1024x576.jpg\" alt=\"\" class=\"wp-image-342\" style=\"width:750px\" srcset=\"https:\/\/forditottkiralysag.hu\/bibliaprojekt\/blog\/wp-content\/uploads\/2025\/04\/Paska-1024x576.jpg 1024w, https:\/\/forditottkiralysag.hu\/bibliaprojekt\/blog\/wp-content\/uploads\/2025\/04\/Paska-300x169.jpg 300w, https:\/\/forditottkiralysag.hu\/bibliaprojekt\/blog\/wp-content\/uploads\/2025\/04\/Paska-768x432.jpg 768w, https:\/\/forditottkiralysag.hu\/bibliaprojekt\/blog\/wp-content\/uploads\/2025\/04\/Paska-1536x864.jpg 1536w, https:\/\/forditottkiralysag.hu\/bibliaprojekt\/blog\/wp-content\/uploads\/2025\/04\/Paska.jpg 1920w\" sizes=\"auto, (max-width: 1024px) 100vw, 1024px\" \/><\/figure>\n\n\n\n<h2 class=\"wp-block-heading\">J\u00e9zus \u00e9s a p\u00e1ska\u00fcnnep<\/h2>\n\n\n\n<p>A hal\u00e1la el\u0151tti est\u00e9n J\u00e9zus a tan\u00edtv\u00e1nyaival egy\u00fctt p\u00e1skavacsor\u00e1t tart (<a href=\"http:\/\/www.bible.com\/bible\/920\/MAT.26.26-29\" target=\"_blank\" rel=\"noreferrer noopener nofollow\">M\u00e1t\u00e9 26,26\u201329<\/a>; <a href=\"http:\/\/www.bible.com\/bible\/920\/MRK.14.22-25\" target=\"_blank\" rel=\"noreferrer noopener nofollow\">M\u00e1rk 14,22\u201325<\/a>; <a href=\"http:\/\/www.bible.com\/bible\/920\/LUK.22.15-20\" target=\"_blank\" rel=\"noreferrer noopener nofollow\">Luk\u00e1cs 22,15\u201320<\/a>). Ezen az alkalmon veszi a kenyeret, meg\u00e1ldja, megt\u00f6ri \u00e9s sz\u00e9tosztja a tan\u00edtv\u00e1nyai k\u00f6z\u00f6tt. Majd mag\u00e1hoz vesz egy poh\u00e1r bort, h\u00e1l\u00e1t ad (g\u00f6r\u00f6g\u00fcl: <em>eucharisteo<\/em>) \u00e9s a tan\u00edtv\u00e1nyainak adja. A kenyeret ism\u00e9t \u00f6sszekapcsolja a test\u00e9vel, a bort pedig a v\u00e9r\u00e9vel. \u00c9s v\u00e9g\u00fcl megh\u00edvja tan\u00edtv\u00e1nyait, hogy ezt egy\u00e9k \u00e9s igy\u00e1k az \u0151 eml\u00e9k\u00e9re. Az \u00e9let f\u00e1j\u00e1r\u00f3l mondottakhoz hasonl\u00f3an ebben az eml\u00e9kez\u00e9sben \u00e9s h\u00e1laad\u00e1sban szint\u00e9n benne van az \u00e9let befogad\u00e1s\u00e1ra val\u00f3 megh\u00edv\u00e1s.<\/p>\n\n\n\n<p>Ezen az \u00e9tkez\u00e9sen J\u00e9zus egy \u00faj sz\u00f6vets\u00e9get hirdet meg (<a href=\"http:\/\/www.bible.com\/bible\/920\/LUK.22.20\" target=\"_blank\" rel=\"noreferrer noopener nofollow\">Luk\u00e1cs 22,20<\/a>). E sz\u00f6vets\u00e9g r\u00e9v\u00e9n pedig Isten \u00f6r\u00f6k \u00e9lete ism\u00e9t el\u00e9rhet\u0151v\u00e9 v\u00e1lik az emberek sz\u00e1m\u00e1ra, \u00e1m ez\u00fattal rajta kereszt\u00fcl (<a href=\"http:\/\/www.bible.com\/bible\/920\/MRK.1.15\" target=\"_blank\" rel=\"noreferrer noopener nofollow\">M\u00e1rk 1,15<\/a>).<\/p>\n\n\n\n<figure class=\"wp-block-image size-large is-resized is-style-rounded\"><img loading=\"lazy\" decoding=\"async\" width=\"1024\" height=\"574\" src=\"https:\/\/forditottkiralysag.hu\/bibliaprojekt\/blog\/wp-content\/uploads\/2025\/04\/Kereszt3-1024x574.jpg\" alt=\"\" class=\"wp-image-343\" style=\"width:750px\" srcset=\"https:\/\/forditottkiralysag.hu\/bibliaprojekt\/blog\/wp-content\/uploads\/2025\/04\/Kereszt3-1024x574.jpg 1024w, https:\/\/forditottkiralysag.hu\/bibliaprojekt\/blog\/wp-content\/uploads\/2025\/04\/Kereszt3-300x168.jpg 300w, https:\/\/forditottkiralysag.hu\/bibliaprojekt\/blog\/wp-content\/uploads\/2025\/04\/Kereszt3-768x431.jpg 768w, https:\/\/forditottkiralysag.hu\/bibliaprojekt\/blog\/wp-content\/uploads\/2025\/04\/Kereszt3-1536x862.jpg 1536w, https:\/\/forditottkiralysag.hu\/bibliaprojekt\/blog\/wp-content\/uploads\/2025\/04\/Kereszt3.jpg 1920w\" sizes=\"auto, (max-width: 1024px) 100vw, 1024px\" \/><\/figure>\n\n\n\n<h2 class=\"wp-block-heading\">Egy \u00faj sz\u00f6vets\u00e9g<\/h2>\n\n\n\n<p>Elfogat\u00e1sa ut\u00e1n k\u00e9s\u0151bb egy hegy tetej\u00e9re vezett\u00e9k, ahol a r\u00f3mai katon\u00e1k egy m\u00e1sfajta f\u00e1n \u2013 a keresztf\u00e1n \u2013 meg\u00f6lt\u00e9k \u0151t (<a href=\"http:\/\/www.bible.com\/bible\/920\/JHN.19.16-18\" target=\"_blank\" rel=\"noreferrer noopener nofollow\">J\u00e1nos 19,16\u201318<\/a>). Megt\u00f6rt\u00e9k a test\u00e9t \u00e9s kiontott\u00e1k a v\u00e9r\u00e9t azon, ugyanis azt hitt\u00e9k: a hal\u00e1lf\u00e1jukkal elpuszt\u00edthatj\u00e1k \u0151t. De al\u00e1becs\u00fclt\u00e9k J\u00e9zus hatalm\u00e1t. Megpr\u00f3b\u00e1lt\u00e1k elvenni az \u00e9let\u00e9t, mik\u00f6zben nem vett\u00e9k \u00e9szre, hogy J\u00e9zus saj\u00e1t akarat\u00e1b\u00f3l adta oda azt, hasonl\u00f3an egy \u00e1ldozati b\u00e1r\u00e1ny felaj\u00e1nl\u00e1s\u00e1hoz, az eg\u00e9sz vil\u00e1g b\u0171neit elfedezve. Ahelyett, hogy ellens\u00e9gei ellen harcolna vagy megv\u00e9den\u00e9 mag\u00e1t, \u00e1tmegy a hal\u00e1lon (<a href=\"http:\/\/www.bible.com\/bible\/920\/GAL.3.13-14\" target=\"_blank\" rel=\"noreferrer noopener nofollow\">Galata 3,13\u201314<\/a>) \u00e9s felt\u00e1mad a harmadik napon! Ebb\u0151l is l\u00e1thatjuk, hogy \u0151 egy eg\u00e9szen m\u00e1sfajta \u00e1ldozati b\u00e1r\u00e1ny, amelyet egy \u00faj sz\u00f6vets\u00e9g\u00e9rt v\u00e1gtak le.<\/p>\n\n\n\n<p>J\u00e9zus ez\u00fattal az \u00e9let \u00e9s a hal\u00e1l k\u00f6z\u00f6tti \u00fajabb v\u00e1laszt\u00e1s el\u00e9 \u00e1ll\u00edt benn\u00fcnket. Hiszen az \u00faj \u00e9let f\u00e1ja \u00e1ll mindannyiunk el\u0151tt. Ehet\u00fcnk \u00e9s ihatunk bel\u0151le, de ez azt jelenti, hogy Megv\u00e1lt\u00f3nkat k\u00f6vetve al\u00e1zatosan nek\u00fcnk is \u00e1t kell menn\u00fcnk a hal\u00e1lon, hagyva, hogy vele egy\u00fctt meghaljon az a benn\u00fcnk l\u00e9v\u0151, folyton k\u00fczd\u0151 \u00e9s v\u00e9dekez\u0151 ember. Ek\u00f6zben belekapaszkodhatunk az igazi \u00e9letbe, a mindenki ir\u00e1nt h\u0171s\u00e9ges szeretetbe. J\u00e9zusian \u00e9lni annyit tesz, mint hogy elfogadjuk Isten \u00faj sz\u00f6vets\u00e9g\u00e9t (<a href=\"http:\/\/www.bible.com\/bible\/920\/LUK.22.20\" target=\"_blank\" rel=\"noreferrer noopener nofollow\">Luk\u00e1cs 22,20<\/a>) \u2013 erre pedig egy \u00fajfajta sz\u00f6vets\u00e9gi \u00e9tkez\u00e9ssel eml\u00e9kez\u00fcnk, illetve ezzel \u00fcnnepelj\u00fck meg azt.<\/p>\n\n\n\n<figure class=\"wp-block-image size-large is-resized is-style-rounded wp-duotone-unset-1\"><img loading=\"lazy\" decoding=\"async\" width=\"1024\" height=\"576\" src=\"https:\/\/forditottkiralysag.hu\/bibliaprojekt\/blog\/wp-content\/uploads\/2025\/04\/Uj-elet-faja-1024x576.jpg\" alt=\"\" class=\"wp-image-341\" style=\"width:750px\" srcset=\"https:\/\/forditottkiralysag.hu\/bibliaprojekt\/blog\/wp-content\/uploads\/2025\/04\/Uj-elet-faja-1024x576.jpg 1024w, https:\/\/forditottkiralysag.hu\/bibliaprojekt\/blog\/wp-content\/uploads\/2025\/04\/Uj-elet-faja-300x169.jpg 300w, https:\/\/forditottkiralysag.hu\/bibliaprojekt\/blog\/wp-content\/uploads\/2025\/04\/Uj-elet-faja-768x432.jpg 768w, https:\/\/forditottkiralysag.hu\/bibliaprojekt\/blog\/wp-content\/uploads\/2025\/04\/Uj-elet-faja-1536x864.jpg 1536w, https:\/\/forditottkiralysag.hu\/bibliaprojekt\/blog\/wp-content\/uploads\/2025\/04\/Uj-elet-faja.jpg 1920w\" sizes=\"auto, (max-width: 1024px) 100vw, 1024px\" \/><\/figure>\n\n\n\n<h2 class=\"wp-block-heading\">Az \u00farvacsora ma<\/h2>\n\n\n\n<p>A kereszt\u00e9nyek \u00e9ppen ez\u00e9rt rendszeresen r\u00e9szt vesznek ma is az \u00farvacsor\u00e1ban (vagy kommuni\u00f3ban, euchariszti\u00e1ban), hogy eml\u00e9kezzenek \u00e9s r\u00e9szes\u00fcljenek J\u00e9zus \u00e9let\u00e9nek erej\u00e9ben. A keny\u00e9r \u00e9s a kehely egy \u00faj sz\u00f6vets\u00e9get \u00fcnnepel \u00e9s az \u00e9let egy \u00faj forr\u00e1s\u00e1hoz k\u00f6t benn\u00fcnket. Az er\u0151, amely J\u00e9zust visszahozta a hal\u00e1lb\u00f3l, ugyanaz, mint amelyik k\u00e9pes meggy\u00f3gy\u00edtani a saj\u00e1t \u00e9let\u00fcnkben l\u00e9v\u0151 romlotts\u00e1got \u00e9s hamis, hal\u00e1lt hoz\u00f3 f\u00e1kat, \u00e1tform\u00e1lva minket az igazs\u00e1g, a sz\u00e9ps\u00e9g \u00e9s a j\u00f3s\u00e1g embereiv\u00e9.<\/p>\n\n\n\n<p>Ez az \u00fcnnep\u00e9lyes szertart\u00e1s a k\u00fcl\u00f6nf\u00e9le kereszt\u00e9ny hagyom\u00e1nyokban m\u00e1sk\u00e9nt n\u00e9z ki. Egyesek a kenyeret a borba m\u00e1rtj\u00e1k. M\u00e1sok k\u00f6z\u00f6s kehelyb\u0151l isznak. Vannak, akik keny\u00e9r helyett osty\u00e1t haszn\u00e1lnak, vagy \u00e9ppen a bort sz\u0151l\u0151l\u00e9re cser\u00e9lik. Az ilyen alkalmak gyakoris\u00e1ga is hagyom\u00e1nyonk\u00e9nt v\u00e1ltozik. Hetente, havonta vagy ak\u00e1r \u00e9vente csak egyszer \u00e9lnek vele. Egysz\u00f3val t\u00f6bbf\u00e9lek\u00e9ppen is meg lehet tartani, \u00e9s ez rendben is van \u00edgy. A l\u00e9nyeg, hogy eml\u00e9kezz\u00fcnk arra az al\u00e1zatos aj\u00e1nd\u00e9kra, amiv\u00e9 J\u00e9zus v\u00e1lt sz\u00e1munkra \u00e1ldozat\u00e1ban, \u00e9s az \u00faj \u00e9letre, amelyet szint\u00e9n t\u0151le kapunk. \u201eEzt cselekedj\u00e9tek az \u00e9n eml\u00e9kezetemre!\u201d \u2013 hagyta meg sz\u00e1munkra J\u00e9zus (<a href=\"http:\/\/www.bible.com\/bible\/920\/LUK.22.19\" target=\"_blank\" rel=\"noreferrer noopener nofollow\">Luk\u00e1cs 22,19<\/a>).<\/p>\n\n\n\n<p>Ez az \u00e9tkez\u00e9s teh\u00e1t arra h\u00edv minket, hogy eml\u00e9kezz\u00fcnk J\u00e9zusra. Ez az \u00e9rz\u00e9keink sz\u00e1m\u00e1ra \u2013 az az izr\u00e1elit\u00e1knak adott \u00fcnnepekhez hasonl\u00f3 m\u00f3don \u2013 Megv\u00e1lt\u00f3nk \u00e9let\u00e9t \u00e9s hal\u00e1l\u00e1t jelen\u00edti meg. \u00cdgy az \u00farvacsora nem egy olyan dolog, amit mi tesz\u00fcnk meg Krisztus\u00e9rt; hiszen val\u00f3j\u00e1ban arra eml\u00e9keztet, amit \u0151 tett \u00e9rt\u00fcnk. \u00d6sszess\u00e9g\u00e9ben olyan \u00fcnnepp\u00e9 v\u00e1lik, amit vele egy\u00fctt \u00fcl\u00fcnk meg. Mindv\u00e9gig vele k\u00f6z\u00f6ss\u00e9gben vesz\u00fcnk r\u00e9szt ebben.<\/p>\n\n\n\n<h2 class=\"wp-block-heading\">Az elj\u00f6vend\u0151 nagy \u00e9tkez\u00e9s, a lakoma<\/h2>\n\n\n\n<p>A bibliai t\u00f6rt\u00e9net elej\u00e9n az emberis\u00e9get Isten egy \u00e9letet ad\u00f3 lakom\u00e1ra invit\u00e1lja.<\/p>\n\n\n\n<p>Ezut\u00e1n, az eg\u00e9sz Bibli\u00e1n \u00e1t\u00edvel\u0151en, az \u00e1ltala elrendelt \u00fcnnepek eg\u00e9sz sora jelzi a n\u00e9pnek adott sz\u00f6vets\u00e9gi \u00edg\u00e9reteket, illetve mindezek arra is h\u00edvj\u00e1k \u0151ket, hogy soha el ne felejts\u00e9k Isten ir\u00e1ntuk \u00e9rzett szeretet\u00e9t \u00e9s h\u0171s\u00e9g\u00e9t. Fontos eml\u00e9kezni\u00fck arra a t\u00e9nyre, hogy egyed\u00fcl \u0151 lehet \u00e9let\u00fck igazi forr\u00e1sa.<\/p>\n\n\n\n<p>A Biblia utols\u00f3 lapjain az emberis\u00e9g egy \u00fajabb \u00e9tkez\u00e9sre kap megh\u00edv\u00e1st.<\/p>\n\n\n\n<p>Az \u00farvacsor\u00e1ban val\u00f3 folytonos \u00e9s ism\u00e9tl\u0151d\u0151 r\u00e9szv\u00e9tel arra eml\u00e9keztet benn\u00fcnket, hogy b\u00e1rmennyire csod\u00e1latos legyen is, ez m\u00e9gsem az utols\u00f3 vacsora, amelyet J\u00e9zus el\u0151k\u00e9sz\u00edtett nek\u00fcnk. Amikor visszat\u00e9r, \u00f6sszegy\u0171jti n\u00e9p\u00e9t minden nemzetb\u0151l, t\u00f6rzsb\u0151l \u00e9s nyelvb\u0151l. \u0150k majd \u00fajra hozz\u00e1f\u00e9rhetnek az \u00e9let f\u00e1j\u00e1hoz (<a href=\"http:\/\/www.bible.com\/bible\/920\/REV.22.2\" target=\"_blank\" rel=\"noreferrer noopener nofollow\">Jelen\u00e9sek 22,2<\/a>). Hiszen beviszi \u0151ket a sz\u00e1mukra k\u00e9sz\u00edtett lakom\u00e1ba, ahol \u00f6r\u00f6kk\u00e9 tart\u00f3 \u00e9s \u00e9letet ad\u00f3 \u00fcnneps\u00e9gben lesz r\u00e9sz\u00fck az \u0151 jelenl\u00e9t\u00e9ben (<a href=\"http:\/\/www.bible.com\/bible\/920\/REV.19.6-9\" target=\"_blank\" rel=\"noreferrer noopener nofollow\">Jelen\u00e9sek 19,6\u20139<\/a>).<\/p>\n\n\n\n<p>Az \u00farvacsora teh\u00e1t J\u00e9zus \u00e9let\u00e9re \u00e9s munk\u00e1j\u00e1ra eml\u00e9keztet, \u00e9s az \u0151 \u00faj sz\u00f6vets\u00e9g\u00e9nek n\u00e9pek\u00e9nt pecs\u00e9tel el benn\u00fcnket. Teszi mindezt \u00fagy, hogy ek\u00f6zben el\u0151revet\u00edti azt a v\u00e9gs\u0151 dics\u0151s\u00e9ges lakom\u00e1t, ami v\u00e1r r\u00e1nk. Az \u00farvacsora teh\u00e1t az elj\u00f6vend\u0151 dolgok el\u0151\u00edzek\u00e9nt szolg\u00e1l \u2013 az igazi \u00e9letbe k\u00f3stolhatunk bele. Mik\u00f6zben gyakoroljuk ezt az \u00faj sz\u00f6vets\u00e9gi \u00e9tkez\u00e9st, \u00e9bresszen benn\u00fcnk rem\u00e9nyt Megv\u00e1lt\u00f3nk visszat\u00e9r\u00e9s\u00e9re, \u00e9s \u00e9bresszen h\u00e1l\u00e1t is az\u00e9rt, aki \u0151 \u00e9s amit tett \u00e9rt\u00fcnk!<\/p>\n\n\n\n<p><a href=\"https:\/\/www.youtube.com\/channel\/UC9KdiGtGXKC-4wa8sfjxSJw\" target=\"_blank\" rel=\"noreferrer noopener\"><strong>Fedezd fel a BibliaProjekt vide\u00f3it \u00e9s anyagait!<\/strong><\/a><\/p>\n\n\n\n<div class=\"wp-block-group\"><div class=\"wp-block-group__inner-container is-layout-constrained wp-block-group-is-layout-constrained\">\n<hr class=\"wp-block-separator has-alpha-channel-opacity\"\/>\n\n\n\n<h3 class=\"wp-block-heading has-black-color has-text-color has-link-color wp-elements-ee16da1ca8be975663718d2266d11990\">K\u00fcl\u00f6n k\u00f6sz\u00f6net<\/h3>\n\n\n\n<p><em>Ezt a cikket Dr. Ben Tertin egy\u00fcttm\u0171k\u00f6d\u00e9s\u00e9vel Shara Drimalla \u00edrta. A tov\u00e1bbi tudom\u00e1nyos kutat\u00e1st \u00e9s forr\u00e1sokat Dr. Tim Mackie \u00e9s Dr. Carissa Quinn biztos\u00edtotta.<\/em><\/p>\n\n\n\n<hr class=\"wp-block-separator has-alpha-channel-opacity\"\/>\n\n\n\n<div class=\"wp-block-media-text is-stacked-on-mobile is-vertically-aligned-center\" style=\"display: flex; align-items: center; justify-content: space-between;\">\n<figure class=\"wp-block-media-text__media\" style=\"width: 15%;\"><img loading=\"lazy\" decoding=\"async\" width=\"161\" height=\"160\" class=\"wp-image-124 size-full\" src=\"https:\/\/forditottkiralysag.hu\/bibliaprojekt\/blog\/wp-content\/uploads\/2025\/01\/bp-logo-footer.png\" alt=\"A BibleProject log\u00f3ja\" srcset=\"https:\/\/forditottkiralysag.hu\/bibliaprojekt\/blog\/wp-content\/uploads\/2025\/01\/bp-logo-footer.png 161w, https:\/\/forditottkiralysag.hu\/bibliaprojekt\/blog\/wp-content\/uploads\/2025\/01\/bp-logo-footer-150x150.png 150w, https:\/\/forditottkiralysag.hu\/bibliaprojekt\/blog\/wp-content\/uploads\/2025\/01\/bp-logo-footer-100x100.png 100w\" sizes=\"auto, (max-width: 161px) 100vw, 161px\" \/><\/figure>\n<div class=\"wp-block-media-text__content\" style=\"flex: 1; text-align: center;\">\n<p><em>A BibleProject eredeti tartalm\u00e1t a Ford\u00edtott Kir\u00e1lys\u00e1g ford\u00edtotta magyarra \u00e9s adta k\u00f6zre ingyen. Ha \u00e9rt\u00e9kesnek tal\u00e1lod a munk\u00e1nk, csatlakozz \u00e9s t\u00e1mogasd a tov\u00e1bbi magyar tartalmak k\u00e9sz\u00edt\u00e9s\u00e9t.<\/em><\/p>\n<\/div>\n<figure class=\"wp-block-media-text__media\" style=\"width: 15%;\"><img loading=\"lazy\" decoding=\"async\" class=\"alignnone wp-image-127 size-medium\" src=\"https:\/\/forditottkiralysag.hu\/bibliaprojekt\/blog\/wp-content\/uploads\/2025\/01\/Forditott-Kiralysag_logo-268x300.webp\" alt=\"\" width=\"268\" height=\"300\" srcset=\"https:\/\/forditottkiralysag.hu\/bibliaprojekt\/blog\/wp-content\/uploads\/2025\/01\/Forditott-Kiralysag_logo-268x300.webp 268w, https:\/\/forditottkiralysag.hu\/bibliaprojekt\/blog\/wp-content\/uploads\/2025\/01\/Forditott-Kiralysag_logo-916x1024.webp 916w, https:\/\/forditottkiralysag.hu\/bibliaprojekt\/blog\/wp-content\/uploads\/2025\/01\/Forditott-Kiralysag_logo-768x858.webp 768w, https:\/\/forditottkiralysag.hu\/bibliaprojekt\/blog\/wp-content\/uploads\/2025\/01\/Forditott-Kiralysag_logo.webp 1037w\" sizes=\"auto, (max-width: 268px) 100vw, 268px\" \/><\/figure>\n<\/div>\n<p style=\"text-align: center;\"><a style=\"display: inline-flex; align-items: center; justify-content: center; vertical-align: middle; background-color: #00b3e5; color: white; padding: 5px 10px; border-radius: 6px; text-decoration: none; font-weight: bold; font-size: 16px; border: none; cursor: pointer; width: auto;\" href=\"https:\/\/forditottkiralysag.hu\/#tamogtas-a\" target=\"_blank\" rel=\"noopener\"><br \/><img decoding=\"async\" class=\"alignleft\" style=\"width: 20px; height: 20px; margin-right: 8px;\" src=\"https:\/\/forditottkiralysag.hu\/bibliaprojekt\/blog\/wp-content\/uploads\/2025\/02\/Adakozas.webp\" alt=\"\" \/>T\u00e1mogasd az Alap\u00edtv\u00e1ny munk\u00e1j\u00e1t!<br \/><\/a><\/p>\n<\/div><\/div>\n\n\n\n<p><a id=\"_msocom_1\"><\/a><\/p>\n","protected":false},"excerpt":{"rendered":"<p>Az \u00e9tkez\u00e9s mint bibliai mot\u00edvum J\u00e9zus k\u00f6vet\u0151i \u00e9vsz\u00e1zadok \u00f3ta \u00f6sszegy\u0171lnek, hogy k\u00f6z\u00f6sen vegyenek r\u00e9szt egy \u00farvacsorak\u00e9nt emlegetett alkalmon. Vannak, akik latinosan kommuni\u00f3nak nevezik. De ak\u00e1r eucharisztiak\u00e9nt is tal\u00e1lkozhatsz vele (a g\u00f6r\u00f6g eucharisteo ig\u00e9b\u0151l sz\u00e1rmazik), ami sz\u00f3 szerint h\u00e1laad\u00e1st jelent. De mi\u00e9rt kell ehhez egy \u00e9tkez\u00e9s? \u00c9s mi\u00e9rt \u00e9ppen ez? Mi az \u00e9rtelme ennek a gyakorlatnak? [&hellip;]<\/p>\n","protected":false},"author":4,"featured_media":338,"comment_status":"closed","ping_status":"closed","sticky":false,"template":"","format":"standard","meta":{"footnotes":""},"categories":[3],"tags":[116,107,102,106,101,115,105,103,117,111,110,113,112,108,109,114,118,100,104],"class_list":["post-330","post","type-post","status-publish","format-standard","has-post-thumbnail","hentry","category-blog","tag-bor","tag-elet-faja","tag-etkezes","tag-eucharisztia","tag-eves","tag-kenyer","tag-kommunio","tag-lakoma","tag-meghivas","tag-messiasi-lakoma","tag-paska","tag-paskaunnep","tag-paskavacsora","tag-szovetseg","tag-teremtes","tag-uj-szovetseg","tag-unnep","tag-urvacsora","tag-utolso-vacsora"],"yoast_head":"<!-- This site is optimized with the Yoast SEO plugin v26.9 - https:\/\/yoast.com\/product\/yoast-seo-wordpress\/ -->\n<title>Mi\u00e9rt olyan fontos az \u00farvacsora a Bibli\u00e1ban? - Bibliaprojekt blog<\/title>\n<meta name=\"description\" content=\"J\u00e9zussal az \u00farvacsor\u00e1ban egy \u00faj sz\u00f6vets\u00e9get \u00fcnnepl\u00fcnk, ami az \u00faj \u00e9let f\u00e1j\u00e1hoz k\u00f6t benn\u00fcnket. Fedezd fel ennek \u00f3sz\u00f6vets\u00e9gi vonatkoz\u00e1sait!\" \/>\n<meta name=\"robots\" content=\"index, follow, max-snippet:-1, max-image-preview:large, max-video-preview:-1\" \/>\n<link rel=\"canonical\" href=\"https:\/\/forditottkiralysag.hu\/bibliaprojekt\/blog\/2025\/04\/08\/urvacsora\/\" \/>\n<meta property=\"og:locale\" content=\"hu_HU\" \/>\n<meta property=\"og:type\" content=\"article\" \/>\n<meta property=\"og:title\" content=\"Mi\u00e9rt olyan fontos az \u00farvacsora a Bibli\u00e1ban? - Bibliaprojekt blog\" \/>\n<meta property=\"og:description\" content=\"J\u00e9zussal az \u00farvacsor\u00e1ban egy \u00faj sz\u00f6vets\u00e9get \u00fcnnepl\u00fcnk, ami az \u00faj \u00e9let f\u00e1j\u00e1hoz k\u00f6t benn\u00fcnket. Fedezd fel ennek \u00f3sz\u00f6vets\u00e9gi vonatkoz\u00e1sait!\" \/>\n<meta property=\"og:url\" content=\"https:\/\/forditottkiralysag.hu\/bibliaprojekt\/blog\/2025\/04\/08\/urvacsora\/\" \/>\n<meta property=\"og:site_name\" content=\"Bibliaprojekt blog\" \/>\n<meta property=\"article:publisher\" content=\"https:\/\/www.facebook.com\/bibliaprojekt\" \/>\n<meta property=\"article:published_time\" content=\"2025-04-08T15:23:49+00:00\" \/>\n<meta property=\"article:modified_time\" content=\"2026-02-06T09:33:44+00:00\" \/>\n<meta property=\"og:image\" content=\"https:\/\/forditottkiralysag.hu\/bibliaprojekt\/blog\/wp-content\/uploads\/2025\/04\/Urvacsora.jpg\" \/>\n\t<meta property=\"og:image:width\" content=\"1920\" \/>\n\t<meta property=\"og:image:height\" content=\"1078\" \/>\n\t<meta property=\"og:image:type\" content=\"image\/jpeg\" \/>\n<meta name=\"author\" content=\"P\u00e1ll L\u00e1szl\u00f3\" \/>\n<meta name=\"twitter:card\" content=\"summary_large_image\" \/>\n<meta name=\"twitter:label1\" content=\"Szerz\u0151:\" \/>\n\t<meta name=\"twitter:data1\" content=\"P\u00e1ll L\u00e1szl\u00f3\" \/>\n\t<meta name=\"twitter:label2\" content=\"Becs\u00fclt olvas\u00e1si id\u0151\" \/>\n\t<meta name=\"twitter:data2\" content=\"11 perc\" \/>\n<script type=\"application\/ld+json\" class=\"yoast-schema-graph\">{\"@context\":\"https:\/\/schema.org\",\"@graph\":[{\"@type\":\"Article\",\"@id\":\"https:\/\/forditottkiralysag.hu\/bibliaprojekt\/blog\/2025\/04\/08\/urvacsora\/#article\",\"isPartOf\":{\"@id\":\"https:\/\/forditottkiralysag.hu\/bibliaprojekt\/blog\/2025\/04\/08\/urvacsora\/\"},\"author\":{\"name\":\"P\u00e1ll L\u00e1szl\u00f3\",\"@id\":\"https:\/\/forditottkiralysag.hu\/bibliaprojekt\/blog\/#\/schema\/person\/88da395abf5904256862aeef2e0ec8ce\"},\"headline\":\"Mi\u00e9rt olyan fontos az \u00farvacsora a Bibli\u00e1ban?\",\"datePublished\":\"2025-04-08T15:23:49+00:00\",\"dateModified\":\"2026-02-06T09:33:44+00:00\",\"mainEntityOfPage\":{\"@id\":\"https:\/\/forditottkiralysag.hu\/bibliaprojekt\/blog\/2025\/04\/08\/urvacsora\/\"},\"wordCount\":2528,\"publisher\":{\"@id\":\"https:\/\/forditottkiralysag.hu\/bibliaprojekt\/blog\/#organization\"},\"image\":{\"@id\":\"https:\/\/forditottkiralysag.hu\/bibliaprojekt\/blog\/2025\/04\/08\/urvacsora\/#primaryimage\"},\"thumbnailUrl\":\"https:\/\/forditottkiralysag.hu\/bibliaprojekt\/blog\/wp-content\/uploads\/2025\/04\/Urvacsora.jpg\",\"keywords\":[\"bor\",\"\u00e9let f\u00e1ja\",\"\u00e9tkez\u00e9s\",\"eucharisztia\",\"ev\u00e9s\",\"keny\u00e9r\",\"kommuni\u00f3\",\"lakoma\",\"megh\u00edv\u00e1s\",\"messi\u00e1si lakoma\",\"p\u00e1ska\",\"p\u00e1ska\u00fcnnep\",\"p\u00e1skavacsora\",\"sz\u00f6vets\u00e9g\",\"teremt\u00e9s\",\"\u00faj sz\u00f6vets\u00e9g\",\"\u00fcnnep\",\"\u00farvacsora\",\"utols\u00f3 vacsora\"],\"articleSection\":[\"blog\"],\"inLanguage\":\"hu\"},{\"@type\":\"WebPage\",\"@id\":\"https:\/\/forditottkiralysag.hu\/bibliaprojekt\/blog\/2025\/04\/08\/urvacsora\/\",\"url\":\"https:\/\/forditottkiralysag.hu\/bibliaprojekt\/blog\/2025\/04\/08\/urvacsora\/\",\"name\":\"Mi\u00e9rt olyan fontos az \u00farvacsora a Bibli\u00e1ban? - Bibliaprojekt blog\",\"isPartOf\":{\"@id\":\"https:\/\/forditottkiralysag.hu\/bibliaprojekt\/blog\/#website\"},\"primaryImageOfPage\":{\"@id\":\"https:\/\/forditottkiralysag.hu\/bibliaprojekt\/blog\/2025\/04\/08\/urvacsora\/#primaryimage\"},\"image\":{\"@id\":\"https:\/\/forditottkiralysag.hu\/bibliaprojekt\/blog\/2025\/04\/08\/urvacsora\/#primaryimage\"},\"thumbnailUrl\":\"https:\/\/forditottkiralysag.hu\/bibliaprojekt\/blog\/wp-content\/uploads\/2025\/04\/Urvacsora.jpg\",\"datePublished\":\"2025-04-08T15:23:49+00:00\",\"dateModified\":\"2026-02-06T09:33:44+00:00\",\"description\":\"J\u00e9zussal az \u00farvacsor\u00e1ban egy \u00faj sz\u00f6vets\u00e9get \u00fcnnepl\u00fcnk, ami az \u00faj \u00e9let f\u00e1j\u00e1hoz k\u00f6t benn\u00fcnket. Fedezd fel ennek \u00f3sz\u00f6vets\u00e9gi vonatkoz\u00e1sait!\",\"breadcrumb\":{\"@id\":\"https:\/\/forditottkiralysag.hu\/bibliaprojekt\/blog\/2025\/04\/08\/urvacsora\/#breadcrumb\"},\"inLanguage\":\"hu\",\"potentialAction\":[{\"@type\":\"ReadAction\",\"target\":[\"https:\/\/forditottkiralysag.hu\/bibliaprojekt\/blog\/2025\/04\/08\/urvacsora\/\"]}]},{\"@type\":\"ImageObject\",\"inLanguage\":\"hu\",\"@id\":\"https:\/\/forditottkiralysag.hu\/bibliaprojekt\/blog\/2025\/04\/08\/urvacsora\/#primaryimage\",\"url\":\"https:\/\/forditottkiralysag.hu\/bibliaprojekt\/blog\/wp-content\/uploads\/2025\/04\/Urvacsora.jpg\",\"contentUrl\":\"https:\/\/forditottkiralysag.hu\/bibliaprojekt\/blog\/wp-content\/uploads\/2025\/04\/Urvacsora.jpg\",\"width\":1920,\"height\":1078},{\"@type\":\"BreadcrumbList\",\"@id\":\"https:\/\/forditottkiralysag.hu\/bibliaprojekt\/blog\/2025\/04\/08\/urvacsora\/#breadcrumb\",\"itemListElement\":[{\"@type\":\"ListItem\",\"position\":1,\"name\":\"Kezd\u0151lap\",\"item\":\"https:\/\/forditottkiralysag.hu\/bibliaprojekt\/blog\/\"},{\"@type\":\"ListItem\",\"position\":2,\"name\":\"Mi\u00e9rt olyan fontos az \u00farvacsora a Bibli\u00e1ban?\"}]},{\"@type\":\"WebSite\",\"@id\":\"https:\/\/forditottkiralysag.hu\/bibliaprojekt\/blog\/#website\",\"url\":\"https:\/\/forditottkiralysag.hu\/bibliaprojekt\/blog\/\",\"name\":\"Bibliaprojekt blog\",\"description\":\"A cikkeket a Ford\u00edtott Kir\u00e1lys\u00e1g Alap\u00edtv\u00e1ny ford\u00edtotta magyarra\",\"publisher\":{\"@id\":\"https:\/\/forditottkiralysag.hu\/bibliaprojekt\/blog\/#organization\"},\"potentialAction\":[{\"@type\":\"SearchAction\",\"target\":{\"@type\":\"EntryPoint\",\"urlTemplate\":\"https:\/\/forditottkiralysag.hu\/bibliaprojekt\/blog\/?s={search_term_string}\"},\"query-input\":{\"@type\":\"PropertyValueSpecification\",\"valueRequired\":true,\"valueName\":\"search_term_string\"}}],\"inLanguage\":\"hu\"},{\"@type\":\"Organization\",\"@id\":\"https:\/\/forditottkiralysag.hu\/bibliaprojekt\/blog\/#organization\",\"name\":\"Bibliaprojekt blog\",\"url\":\"https:\/\/forditottkiralysag.hu\/bibliaprojekt\/blog\/\",\"logo\":{\"@type\":\"ImageObject\",\"inLanguage\":\"hu\",\"@id\":\"https:\/\/forditottkiralysag.hu\/bibliaprojekt\/blog\/#\/schema\/logo\/image\/\",\"url\":\"https:\/\/forditottkiralysag.hu\/bibliaprojekt\/blog\/wp-content\/uploads\/2025\/01\/bp-logo-footer.png\",\"contentUrl\":\"https:\/\/forditottkiralysag.hu\/bibliaprojekt\/blog\/wp-content\/uploads\/2025\/01\/bp-logo-footer.png\",\"width\":161,\"height\":160,\"caption\":\"Bibliaprojekt blog\"},\"image\":{\"@id\":\"https:\/\/forditottkiralysag.hu\/bibliaprojekt\/blog\/#\/schema\/logo\/image\/\"},\"sameAs\":[\"https:\/\/www.facebook.com\/bibliaprojekt\"]},{\"@type\":\"Person\",\"@id\":\"https:\/\/forditottkiralysag.hu\/bibliaprojekt\/blog\/#\/schema\/person\/88da395abf5904256862aeef2e0ec8ce\",\"name\":\"P\u00e1ll L\u00e1szl\u00f3\",\"image\":{\"@type\":\"ImageObject\",\"inLanguage\":\"hu\",\"@id\":\"https:\/\/forditottkiralysag.hu\/bibliaprojekt\/blog\/#\/schema\/person\/image\/\",\"url\":\"https:\/\/secure.gravatar.com\/avatar\/ae3b56fd57ea0c143dd61e014bb80884056b954e18ef147444dc9e58ac525798?s=96&d=mm&r=g\",\"contentUrl\":\"https:\/\/secure.gravatar.com\/avatar\/ae3b56fd57ea0c143dd61e014bb80884056b954e18ef147444dc9e58ac525798?s=96&d=mm&r=g\",\"caption\":\"P\u00e1ll L\u00e1szl\u00f3\"},\"url\":\"https:\/\/forditottkiralysag.hu\/bibliaprojekt\/blog\/author\/palllaszlo\/\"}]}<\/script>\n<!-- \/ Yoast SEO plugin. -->","yoast_head_json":{"title":"Mi\u00e9rt olyan fontos az \u00farvacsora a Bibli\u00e1ban? - Bibliaprojekt blog","description":"J\u00e9zussal az \u00farvacsor\u00e1ban egy \u00faj sz\u00f6vets\u00e9get \u00fcnnepl\u00fcnk, ami az \u00faj \u00e9let f\u00e1j\u00e1hoz k\u00f6t benn\u00fcnket. Fedezd fel ennek \u00f3sz\u00f6vets\u00e9gi vonatkoz\u00e1sait!","robots":{"index":"index","follow":"follow","max-snippet":"max-snippet:-1","max-image-preview":"max-image-preview:large","max-video-preview":"max-video-preview:-1"},"canonical":"https:\/\/forditottkiralysag.hu\/bibliaprojekt\/blog\/2025\/04\/08\/urvacsora\/","og_locale":"hu_HU","og_type":"article","og_title":"Mi\u00e9rt olyan fontos az \u00farvacsora a Bibli\u00e1ban? - Bibliaprojekt blog","og_description":"J\u00e9zussal az \u00farvacsor\u00e1ban egy \u00faj sz\u00f6vets\u00e9get \u00fcnnepl\u00fcnk, ami az \u00faj \u00e9let f\u00e1j\u00e1hoz k\u00f6t benn\u00fcnket. Fedezd fel ennek \u00f3sz\u00f6vets\u00e9gi vonatkoz\u00e1sait!","og_url":"https:\/\/forditottkiralysag.hu\/bibliaprojekt\/blog\/2025\/04\/08\/urvacsora\/","og_site_name":"Bibliaprojekt blog","article_publisher":"https:\/\/www.facebook.com\/bibliaprojekt","article_published_time":"2025-04-08T15:23:49+00:00","article_modified_time":"2026-02-06T09:33:44+00:00","og_image":[{"width":1920,"height":1078,"url":"https:\/\/forditottkiralysag.hu\/bibliaprojekt\/blog\/wp-content\/uploads\/2025\/04\/Urvacsora.jpg","type":"image\/jpeg"}],"author":"P\u00e1ll L\u00e1szl\u00f3","twitter_card":"summary_large_image","twitter_misc":{"Szerz\u0151:":"P\u00e1ll L\u00e1szl\u00f3","Becs\u00fclt olvas\u00e1si id\u0151":"11 perc"},"schema":{"@context":"https:\/\/schema.org","@graph":[{"@type":"Article","@id":"https:\/\/forditottkiralysag.hu\/bibliaprojekt\/blog\/2025\/04\/08\/urvacsora\/#article","isPartOf":{"@id":"https:\/\/forditottkiralysag.hu\/bibliaprojekt\/blog\/2025\/04\/08\/urvacsora\/"},"author":{"name":"P\u00e1ll L\u00e1szl\u00f3","@id":"https:\/\/forditottkiralysag.hu\/bibliaprojekt\/blog\/#\/schema\/person\/88da395abf5904256862aeef2e0ec8ce"},"headline":"Mi\u00e9rt olyan fontos az \u00farvacsora a Bibli\u00e1ban?","datePublished":"2025-04-08T15:23:49+00:00","dateModified":"2026-02-06T09:33:44+00:00","mainEntityOfPage":{"@id":"https:\/\/forditottkiralysag.hu\/bibliaprojekt\/blog\/2025\/04\/08\/urvacsora\/"},"wordCount":2528,"publisher":{"@id":"https:\/\/forditottkiralysag.hu\/bibliaprojekt\/blog\/#organization"},"image":{"@id":"https:\/\/forditottkiralysag.hu\/bibliaprojekt\/blog\/2025\/04\/08\/urvacsora\/#primaryimage"},"thumbnailUrl":"https:\/\/forditottkiralysag.hu\/bibliaprojekt\/blog\/wp-content\/uploads\/2025\/04\/Urvacsora.jpg","keywords":["bor","\u00e9let f\u00e1ja","\u00e9tkez\u00e9s","eucharisztia","ev\u00e9s","keny\u00e9r","kommuni\u00f3","lakoma","megh\u00edv\u00e1s","messi\u00e1si lakoma","p\u00e1ska","p\u00e1ska\u00fcnnep","p\u00e1skavacsora","sz\u00f6vets\u00e9g","teremt\u00e9s","\u00faj sz\u00f6vets\u00e9g","\u00fcnnep","\u00farvacsora","utols\u00f3 vacsora"],"articleSection":["blog"],"inLanguage":"hu"},{"@type":"WebPage","@id":"https:\/\/forditottkiralysag.hu\/bibliaprojekt\/blog\/2025\/04\/08\/urvacsora\/","url":"https:\/\/forditottkiralysag.hu\/bibliaprojekt\/blog\/2025\/04\/08\/urvacsora\/","name":"Mi\u00e9rt olyan fontos az \u00farvacsora a Bibli\u00e1ban? - Bibliaprojekt blog","isPartOf":{"@id":"https:\/\/forditottkiralysag.hu\/bibliaprojekt\/blog\/#website"},"primaryImageOfPage":{"@id":"https:\/\/forditottkiralysag.hu\/bibliaprojekt\/blog\/2025\/04\/08\/urvacsora\/#primaryimage"},"image":{"@id":"https:\/\/forditottkiralysag.hu\/bibliaprojekt\/blog\/2025\/04\/08\/urvacsora\/#primaryimage"},"thumbnailUrl":"https:\/\/forditottkiralysag.hu\/bibliaprojekt\/blog\/wp-content\/uploads\/2025\/04\/Urvacsora.jpg","datePublished":"2025-04-08T15:23:49+00:00","dateModified":"2026-02-06T09:33:44+00:00","description":"J\u00e9zussal az \u00farvacsor\u00e1ban egy \u00faj sz\u00f6vets\u00e9get \u00fcnnepl\u00fcnk, ami az \u00faj \u00e9let f\u00e1j\u00e1hoz k\u00f6t benn\u00fcnket. Fedezd fel ennek \u00f3sz\u00f6vets\u00e9gi vonatkoz\u00e1sait!","breadcrumb":{"@id":"https:\/\/forditottkiralysag.hu\/bibliaprojekt\/blog\/2025\/04\/08\/urvacsora\/#breadcrumb"},"inLanguage":"hu","potentialAction":[{"@type":"ReadAction","target":["https:\/\/forditottkiralysag.hu\/bibliaprojekt\/blog\/2025\/04\/08\/urvacsora\/"]}]},{"@type":"ImageObject","inLanguage":"hu","@id":"https:\/\/forditottkiralysag.hu\/bibliaprojekt\/blog\/2025\/04\/08\/urvacsora\/#primaryimage","url":"https:\/\/forditottkiralysag.hu\/bibliaprojekt\/blog\/wp-content\/uploads\/2025\/04\/Urvacsora.jpg","contentUrl":"https:\/\/forditottkiralysag.hu\/bibliaprojekt\/blog\/wp-content\/uploads\/2025\/04\/Urvacsora.jpg","width":1920,"height":1078},{"@type":"BreadcrumbList","@id":"https:\/\/forditottkiralysag.hu\/bibliaprojekt\/blog\/2025\/04\/08\/urvacsora\/#breadcrumb","itemListElement":[{"@type":"ListItem","position":1,"name":"Kezd\u0151lap","item":"https:\/\/forditottkiralysag.hu\/bibliaprojekt\/blog\/"},{"@type":"ListItem","position":2,"name":"Mi\u00e9rt olyan fontos az \u00farvacsora a Bibli\u00e1ban?"}]},{"@type":"WebSite","@id":"https:\/\/forditottkiralysag.hu\/bibliaprojekt\/blog\/#website","url":"https:\/\/forditottkiralysag.hu\/bibliaprojekt\/blog\/","name":"Bibliaprojekt blog","description":"A cikkeket a Ford\u00edtott Kir\u00e1lys\u00e1g Alap\u00edtv\u00e1ny ford\u00edtotta magyarra","publisher":{"@id":"https:\/\/forditottkiralysag.hu\/bibliaprojekt\/blog\/#organization"},"potentialAction":[{"@type":"SearchAction","target":{"@type":"EntryPoint","urlTemplate":"https:\/\/forditottkiralysag.hu\/bibliaprojekt\/blog\/?s={search_term_string}"},"query-input":{"@type":"PropertyValueSpecification","valueRequired":true,"valueName":"search_term_string"}}],"inLanguage":"hu"},{"@type":"Organization","@id":"https:\/\/forditottkiralysag.hu\/bibliaprojekt\/blog\/#organization","name":"Bibliaprojekt blog","url":"https:\/\/forditottkiralysag.hu\/bibliaprojekt\/blog\/","logo":{"@type":"ImageObject","inLanguage":"hu","@id":"https:\/\/forditottkiralysag.hu\/bibliaprojekt\/blog\/#\/schema\/logo\/image\/","url":"https:\/\/forditottkiralysag.hu\/bibliaprojekt\/blog\/wp-content\/uploads\/2025\/01\/bp-logo-footer.png","contentUrl":"https:\/\/forditottkiralysag.hu\/bibliaprojekt\/blog\/wp-content\/uploads\/2025\/01\/bp-logo-footer.png","width":161,"height":160,"caption":"Bibliaprojekt blog"},"image":{"@id":"https:\/\/forditottkiralysag.hu\/bibliaprojekt\/blog\/#\/schema\/logo\/image\/"},"sameAs":["https:\/\/www.facebook.com\/bibliaprojekt"]},{"@type":"Person","@id":"https:\/\/forditottkiralysag.hu\/bibliaprojekt\/blog\/#\/schema\/person\/88da395abf5904256862aeef2e0ec8ce","name":"P\u00e1ll L\u00e1szl\u00f3","image":{"@type":"ImageObject","inLanguage":"hu","@id":"https:\/\/forditottkiralysag.hu\/bibliaprojekt\/blog\/#\/schema\/person\/image\/","url":"https:\/\/secure.gravatar.com\/avatar\/ae3b56fd57ea0c143dd61e014bb80884056b954e18ef147444dc9e58ac525798?s=96&d=mm&r=g","contentUrl":"https:\/\/secure.gravatar.com\/avatar\/ae3b56fd57ea0c143dd61e014bb80884056b954e18ef147444dc9e58ac525798?s=96&d=mm&r=g","caption":"P\u00e1ll L\u00e1szl\u00f3"},"url":"https:\/\/forditottkiralysag.hu\/bibliaprojekt\/blog\/author\/palllaszlo\/"}]}},"_links":{"self":[{"href":"https:\/\/forditottkiralysag.hu\/bibliaprojekt\/blog\/wp-json\/wp\/v2\/posts\/330","targetHints":{"allow":["GET"]}}],"collection":[{"href":"https:\/\/forditottkiralysag.hu\/bibliaprojekt\/blog\/wp-json\/wp\/v2\/posts"}],"about":[{"href":"https:\/\/forditottkiralysag.hu\/bibliaprojekt\/blog\/wp-json\/wp\/v2\/types\/post"}],"author":[{"embeddable":true,"href":"https:\/\/forditottkiralysag.hu\/bibliaprojekt\/blog\/wp-json\/wp\/v2\/users\/4"}],"replies":[{"embeddable":true,"href":"https:\/\/forditottkiralysag.hu\/bibliaprojekt\/blog\/wp-json\/wp\/v2\/comments?post=330"}],"version-history":[{"count":12,"href":"https:\/\/forditottkiralysag.hu\/bibliaprojekt\/blog\/wp-json\/wp\/v2\/posts\/330\/revisions"}],"predecessor-version":[{"id":351,"href":"https:\/\/forditottkiralysag.hu\/bibliaprojekt\/blog\/wp-json\/wp\/v2\/posts\/330\/revisions\/351"}],"wp:featuredmedia":[{"embeddable":true,"href":"https:\/\/forditottkiralysag.hu\/bibliaprojekt\/blog\/wp-json\/wp\/v2\/media\/338"}],"wp:attachment":[{"href":"https:\/\/forditottkiralysag.hu\/bibliaprojekt\/blog\/wp-json\/wp\/v2\/media?parent=330"}],"wp:term":[{"taxonomy":"category","embeddable":true,"href":"https:\/\/forditottkiralysag.hu\/bibliaprojekt\/blog\/wp-json\/wp\/v2\/categories?post=330"},{"taxonomy":"post_tag","embeddable":true,"href":"https:\/\/forditottkiralysag.hu\/bibliaprojekt\/blog\/wp-json\/wp\/v2\/tags?post=330"}],"curies":[{"name":"wp","href":"https:\/\/api.w.org\/{rel}","templated":true}]}}